{"id":11178,"date":"2009-01-20T13:13:28","date_gmt":"2009-01-20T12:13:28","guid":{"rendered":"http:\/\/www.ojobuscador.com\/?p=11178"},"modified":"2009-01-20T13:13:28","modified_gmt":"2009-01-20T12:13:28","slug":"yahoo-francia-despedira-al-20-de-su-plantilla","status":"publish","type":"post","link":"https:\/\/www.ojo.es\/ojobuscador\/yahoo-francia-despedira-al-20-de-su-plantilla\/","title":{"rendered":"Yahoo! Francia despedir\u00e1 al 20% de su plantilla"},"content":{"rendered":"<p>Hace unos meses, <a href=\"https:\/\/www.casares.blog\/yahoo-vende-kelkoo\/\">cuando Yahoo! vendi\u00f3 Kelkoo<\/a>, 140 trabajadores que estaban en las oficinas de Yahoo! dejaron la empresa, y ahora se espera que un 20% de la plantilla, unos 50 trabajadores, dejen la firma en breve.<\/p>\n<p>Parece que el \u00abplan de salvamento de empleo2 que se est\u00e1 aplicando en todo el mundo ahora se ceba con el pa\u00eds galo, al igual que hace un tiempo ya sucedi\u00f3 con Espa\u00f1a. Con esto la empresa pretende ahorrarse 400 millones en todo el mundo, despidiendo unos 1.300 empleados.<\/p>\n","protected":false},"excerpt":{"rendered":"<p>Hace unos meses, cuando Yahoo! vendi\u00f3 Kelkoo, 140 trabajadores que estaban en las oficinas de Yahoo! dejaron la empresa, y ahora se espera que un 20% de la plantilla, unos 50 trabajadores, dejen la firma en breve. Parece que el \u00abplan de salvamento de empleo2 que se est\u00e1 aplicando en todo el mundo ahora se &#8230; <a title=\"Yahoo! Francia despedir\u00e1 al 20% de su plantilla\" class=\"read-more\" href=\"https:\/\/www.ojo.es\/ojobuscador\/yahoo-francia-despedira-al-20-de-su-plantilla\/\" aria-label=\"Leer m\u00e1s sobre Yahoo! Francia despedir\u00e1 al 20% de su plantilla\">Leer m\u00e1s<\/a><\/p>\n","protected":false},"author":1,"featured_media":0,"comment_status":"open","ping_status":"open","sticky":false,"template":"","format":"standard","meta":{"footnotes":""},"categories":[1],"tags":[],"class_list":["post-11178","post","type-post","status-publish","format-standard","hentry","category-noticias"],"_links":{"self":[{"href":"https:\/\/www.ojo.es\/ojobuscador\/wp-json\/wp\/v2\/posts\/11178","targetHints":{"allow":["GET"]}}],"collection":[{"href":"https:\/\/www.ojo.es\/ojobuscador\/wp-json\/wp\/v2\/posts"}],"about":[{"href":"https:\/\/www.ojo.es\/ojobuscador\/wp-json\/wp\/v2\/types\/post"}],"author":[{"embeddable":true,"href":"https:\/\/www.ojo.es\/ojobuscador\/wp-json\/wp\/v2\/users\/1"}],"replies":[{"embeddable":true,"href":"https:\/\/www.ojo.es\/ojobuscador\/wp-json\/wp\/v2\/comments?post=11178"}],"version-history":[{"count":0,"href":"https:\/\/www.ojo.es\/ojobuscador\/wp-json\/wp\/v2\/posts\/11178\/revisions"}],"wp:attachment":[{"href":"https:\/\/www.ojo.es\/ojobuscador\/wp-json\/wp\/v2\/media?parent=11178"}],"wp:term":[{"taxonomy":"category","embeddable":true,"href":"https:\/\/www.ojo.es\/ojobuscador\/wp-json\/wp\/v2\/categories?post=11178"},{"taxonomy":"post_tag","embeddable":true,"href":"https:\/\/www.ojo.es\/ojobuscador\/wp-json\/wp\/v2\/tags?post=11178"}],"curies":[{"name":"wp","href":"https:\/\/api.w.org\/{rel}","templated":true}]}}