{"id":11422,"date":"2009-02-18T16:04:55","date_gmt":"2009-02-18T15:04:55","guid":{"rendered":"http:\/\/www.ojobuscador.com\/?p=11422"},"modified":"2009-02-18T16:04:55","modified_gmt":"2009-02-18T15:04:55","slug":"flickr-video-tiene-nuevas-funcionalidades","status":"publish","type":"post","link":"https:\/\/www.ojo.es\/ojobuscador\/flickr-video-tiene-nuevas-funcionalidades\/","title":{"rendered":"Flickr V\u00eddeo tiene nuevas funcionalidades"},"content":{"rendered":"<p>Hace un a\u00f1o que <a href=\"https:\/\/www.casares.blog\/flickr-video-ya-en-linea\/\">se lanzaba Flickr V\u00eddeo<\/a> y ahora comienza a ampliarse el servicio, una vez m\u00e1s, para los usuarios de cuentas Pro.<\/p>\n<p>Entre las novedades nos encontramos la posibilidad de subir y alojar v\u00eddeos en <em>Alta Definici\u00f3<\/em>n. Aunque s\u00f3lo los usuarios Pro los pueden subir, cualquiera podr\u00e1 verlos, as\u00ed que Flickr se convierte en una plataforma de Alta Definici\u00f3n.<\/p>\n<p>Adem\u00e1s, como los v\u00eddeos normalmente llevan su lugar y fecha de grabaci\u00f3n, se ha conseguido crear Flickr Clock, de forma que los usuarios puedan compartir los v\u00eddeos en una l\u00ednea temporal y ver cosas que est\u00e1n pasando en cualquier momento.<\/p>\n","protected":false},"excerpt":{"rendered":"<p>Hace un a\u00f1o que se lanzaba Flickr V\u00eddeo y ahora comienza a ampliarse el servicio, una vez m\u00e1s, para los usuarios de cuentas Pro. Entre las novedades nos encontramos la posibilidad de subir y alojar v\u00eddeos en Alta Definici\u00f3n. Aunque s\u00f3lo los usuarios Pro los pueden subir, cualquiera podr\u00e1 verlos, as\u00ed que Flickr se convierte &#8230; <a title=\"Flickr V\u00eddeo tiene nuevas funcionalidades\" class=\"read-more\" href=\"https:\/\/www.ojo.es\/ojobuscador\/flickr-video-tiene-nuevas-funcionalidades\/\" aria-label=\"Leer m\u00e1s sobre Flickr V\u00eddeo tiene nuevas funcionalidades\">Leer m\u00e1s<\/a><\/p>\n","protected":false},"author":1,"featured_media":0,"comment_status":"open","ping_status":"open","sticky":false,"template":"","format":"standard","meta":{"footnotes":""},"categories":[1],"tags":[],"class_list":["post-11422","post","type-post","status-publish","format-standard","hentry","category-noticias"],"_links":{"self":[{"href":"https:\/\/www.ojo.es\/ojobuscador\/wp-json\/wp\/v2\/posts\/11422","targetHints":{"allow":["GET"]}}],"collection":[{"href":"https:\/\/www.ojo.es\/ojobuscador\/wp-json\/wp\/v2\/posts"}],"about":[{"href":"https:\/\/www.ojo.es\/ojobuscador\/wp-json\/wp\/v2\/types\/post"}],"author":[{"embeddable":true,"href":"https:\/\/www.ojo.es\/ojobuscador\/wp-json\/wp\/v2\/users\/1"}],"replies":[{"embeddable":true,"href":"https:\/\/www.ojo.es\/ojobuscador\/wp-json\/wp\/v2\/comments?post=11422"}],"version-history":[{"count":0,"href":"https:\/\/www.ojo.es\/ojobuscador\/wp-json\/wp\/v2\/posts\/11422\/revisions"}],"wp:attachment":[{"href":"https:\/\/www.ojo.es\/ojobuscador\/wp-json\/wp\/v2\/media?parent=11422"}],"wp:term":[{"taxonomy":"category","embeddable":true,"href":"https:\/\/www.ojo.es\/ojobuscador\/wp-json\/wp\/v2\/categories?post=11422"},{"taxonomy":"post_tag","embeddable":true,"href":"https:\/\/www.ojo.es\/ojobuscador\/wp-json\/wp\/v2\/tags?post=11422"}],"curies":[{"name":"wp","href":"https:\/\/api.w.org\/{rel}","templated":true}]}}