{"id":11579,"date":"2009-03-11T09:21:08","date_gmt":"2009-03-11T08:21:08","guid":{"rendered":"http:\/\/www.ojobuscador.com\/?p=11579"},"modified":"2009-03-11T09:21:08","modified_gmt":"2009-03-11T08:21:08","slug":"flickr-ya-esta-en-getty-images","status":"publish","type":"post","link":"https:\/\/www.ojo.es\/ojobuscador\/flickr-ya-esta-en-getty-images\/","title":{"rendered":"Flickr ya est\u00e1 en Getty Images"},"content":{"rendered":"<p><a href=\"https:\/\/www.flickr.com\/\">Flickr<\/a> ya cuenta con <a href=\"https:\/\/www.gettyimages.es\/?sunset=flickrimagerequest\">su propio sitio dentro de Getty Images<\/a>, l\u00edder en distribuci\u00f3n de im\u00e1genes. Eso s\u00ed, las im\u00e1genes han de estar configuradas para su cesi\u00f3n comercial.<\/p>\n<p>Las fotograf\u00edas han sido elegidas por los editores de <a href=\"https:\/\/www.gettyimages.es\/\">Getty Images<\/a> y ofrecen una colecci\u00f3n de todo tipo de contenidos con im\u00e1genes conceptuales, escenas cotidianas, originales y regionales y con contenido relevante.<\/p>\n<p>Una colecci\u00f3n viva en la que <a href=\"https:\/\/www.gettyimages.es\/search\/2\/image?brands=fkm%2Cfkf%2Cfks&#038;family=creative\">aparecer\u00e1n y desaparecer\u00e1n nuevas im\u00e1genes<\/a> cada mes para atender a las necesidades de sus clientes.<\/p>\n","protected":false},"excerpt":{"rendered":"<p>Flickr ya cuenta con su propio sitio dentro de Getty Images, l\u00edder en distribuci\u00f3n de im\u00e1genes. Eso s\u00ed, las im\u00e1genes han de estar configuradas para su cesi\u00f3n comercial. Las fotograf\u00edas han sido elegidas por los editores de Getty Images y ofrecen una colecci\u00f3n de todo tipo de contenidos con im\u00e1genes conceptuales, escenas cotidianas, originales y &#8230; <a title=\"Flickr ya est\u00e1 en Getty Images\" class=\"read-more\" href=\"https:\/\/www.ojo.es\/ojobuscador\/flickr-ya-esta-en-getty-images\/\" aria-label=\"Leer m\u00e1s sobre Flickr ya est\u00e1 en Getty Images\">Leer m\u00e1s<\/a><\/p>\n","protected":false},"author":1,"featured_media":0,"comment_status":"open","ping_status":"open","sticky":false,"template":"","format":"standard","meta":{"footnotes":""},"categories":[1],"tags":[],"class_list":["post-11579","post","type-post","status-publish","format-standard","hentry","category-noticias"],"_links":{"self":[{"href":"https:\/\/www.ojo.es\/ojobuscador\/wp-json\/wp\/v2\/posts\/11579","targetHints":{"allow":["GET"]}}],"collection":[{"href":"https:\/\/www.ojo.es\/ojobuscador\/wp-json\/wp\/v2\/posts"}],"about":[{"href":"https:\/\/www.ojo.es\/ojobuscador\/wp-json\/wp\/v2\/types\/post"}],"author":[{"embeddable":true,"href":"https:\/\/www.ojo.es\/ojobuscador\/wp-json\/wp\/v2\/users\/1"}],"replies":[{"embeddable":true,"href":"https:\/\/www.ojo.es\/ojobuscador\/wp-json\/wp\/v2\/comments?post=11579"}],"version-history":[{"count":0,"href":"https:\/\/www.ojo.es\/ojobuscador\/wp-json\/wp\/v2\/posts\/11579\/revisions"}],"wp:attachment":[{"href":"https:\/\/www.ojo.es\/ojobuscador\/wp-json\/wp\/v2\/media?parent=11579"}],"wp:term":[{"taxonomy":"category","embeddable":true,"href":"https:\/\/www.ojo.es\/ojobuscador\/wp-json\/wp\/v2\/categories?post=11579"},{"taxonomy":"post_tag","embeddable":true,"href":"https:\/\/www.ojo.es\/ojobuscador\/wp-json\/wp\/v2\/tags?post=11579"}],"curies":[{"name":"wp","href":"https:\/\/api.w.org\/{rel}","templated":true}]}}