{"id":11622,"date":"2009-03-16T10:41:53","date_gmt":"2009-03-16T09:41:53","guid":{"rendered":"http:\/\/www.ojobuscador.com\/?p=11622"},"modified":"2009-03-16T10:41:53","modified_gmt":"2009-03-16T09:41:53","slug":"my-yahoo-aumenta-la-personalizacion","status":"publish","type":"post","link":"https:\/\/www.ojo.es\/ojobuscador\/my-yahoo-aumenta-la-personalizacion\/","title":{"rendered":"My Yahoo! aumenta la personalizaci\u00f3n"},"content":{"rendered":"<p>Tras la salida de My Yahoo! de beta el pasado verano,  se hab\u00edan visto algunos cambios, aunque no muy significativos. Uno de ellos fue la posibilidad de personalizar la plataforma con los colores deseados, adem\u00e1s de permitir la <a href=\"https:\/\/www.casares.blog\/my-yahoo-mejora-la-personalizacion-de-contenidos\/\">personalizaci\u00f3n de los bloques de contenidos<\/a>.<\/p>\n<p>Ahora el paso siguiente ha sido el de permitir que los usuarios utilicen im\u00e1genes para personalizar los fondos de la p\u00e1gina, pasando as\u00ed a un punto m\u00e1s personalizado en el que pr\u00e1cticamente tendremos un servicio configurado a nuestro gusto.<\/p>\n<p class=\"aligncenter\"><img loading=\"lazy\" decoding=\"async\" src=\"https:\/\/www.ojo.es\/ojobuscador\/wp-content\/uploads\/sites\/2\/2019\/05\/myyahoo-theme.png\" alt=\"My Yahoo! theme generator\" title=\"My Yahoo! theme generator\" width=\"650\" height=\"220\" class=\"aligncenter size-full wp-image-11623\" \/><\/p>\n","protected":false},"excerpt":{"rendered":"<p>Tras la salida de My Yahoo! de beta el pasado verano, se hab\u00edan visto algunos cambios, aunque no muy significativos. Uno de ellos fue la posibilidad de personalizar la plataforma con los colores deseados, adem\u00e1s de permitir la personalizaci\u00f3n de los bloques de contenidos. Ahora el paso siguiente ha sido el de permitir que los &#8230; <a title=\"My Yahoo! aumenta la personalizaci\u00f3n\" class=\"read-more\" href=\"https:\/\/www.ojo.es\/ojobuscador\/my-yahoo-aumenta-la-personalizacion\/\" aria-label=\"Leer m\u00e1s sobre My Yahoo! aumenta la personalizaci\u00f3n\">Leer m\u00e1s<\/a><\/p>\n","protected":false},"author":1,"featured_media":0,"comment_status":"open","ping_status":"open","sticky":false,"template":"","format":"standard","meta":{"footnotes":""},"categories":[1],"tags":[],"class_list":["post-11622","post","type-post","status-publish","format-standard","hentry","category-noticias"],"_links":{"self":[{"href":"https:\/\/www.ojo.es\/ojobuscador\/wp-json\/wp\/v2\/posts\/11622","targetHints":{"allow":["GET"]}}],"collection":[{"href":"https:\/\/www.ojo.es\/ojobuscador\/wp-json\/wp\/v2\/posts"}],"about":[{"href":"https:\/\/www.ojo.es\/ojobuscador\/wp-json\/wp\/v2\/types\/post"}],"author":[{"embeddable":true,"href":"https:\/\/www.ojo.es\/ojobuscador\/wp-json\/wp\/v2\/users\/1"}],"replies":[{"embeddable":true,"href":"https:\/\/www.ojo.es\/ojobuscador\/wp-json\/wp\/v2\/comments?post=11622"}],"version-history":[{"count":0,"href":"https:\/\/www.ojo.es\/ojobuscador\/wp-json\/wp\/v2\/posts\/11622\/revisions"}],"wp:attachment":[{"href":"https:\/\/www.ojo.es\/ojobuscador\/wp-json\/wp\/v2\/media?parent=11622"}],"wp:term":[{"taxonomy":"category","embeddable":true,"href":"https:\/\/www.ojo.es\/ojobuscador\/wp-json\/wp\/v2\/categories?post=11622"},{"taxonomy":"post_tag","embeddable":true,"href":"https:\/\/www.ojo.es\/ojobuscador\/wp-json\/wp\/v2\/tags?post=11622"}],"curies":[{"name":"wp","href":"https:\/\/api.w.org\/{rel}","templated":true}]}}