{"id":11675,"date":"2009-03-20T13:22:39","date_gmt":"2009-03-20T12:22:39","guid":{"rendered":"http:\/\/www.ojobuscador.com\/?p=11675"},"modified":"2009-03-20T13:22:39","modified_gmt":"2009-03-20T12:22:39","slug":"google-earth-prepara-las-primeras-imagenes-del-geoeye-1","status":"publish","type":"post","link":"https:\/\/www.ojo.es\/ojobuscador\/google-earth-prepara-las-primeras-imagenes-del-geoeye-1\/","title":{"rendered":"Google Earth prepara las primeras im\u00e1genes del GeoEye-1"},"content":{"rendered":"<p>El sat\u00e9lite que se lanz\u00f3 en colaboraci\u00f3n con <a href=\"https:\/\/www.google.es\/\">Google<\/a>, el GeoEye-1, est\u00e1 ya enviando las primeras fotograf\u00edas en alta calidad a la compa\u00f1\u00eda.<\/p>\n<p>Aunque el sitio de <a href=\"https:\/\/www.google.es\/intl\/es\/earth\/index.html\">Google Earth<\/a> ya dispone de una p\u00e1gina espec\u00edfica sobre GeoEye, donde se pueden ver algunas pinceladas de lo que est\u00e1n consiguiendo, ya existe un <a href=\"http:\/\/mw2.google.com\/mw-earth-vectordb\/geoeye\/geoeye1_root.kml\">fichero KML gracias al cual se han superpuesto las im\u00e1genes recibidas<\/a> sobre las actuales, aunque a\u00fan no se hayan incorporado en la plataforma.<\/p>\n<p>A destacar est\u00e1n las im\u00e1genes de Barcelona en Alta Resoluci\u00f3n&#8230; que, la verdad, no son nada buenas&#8230;<\/p>\n<p>Aqu\u00ed las ANTIGUAS (Institut Cartogr\u00c3 fic de Catalunya):<\/p>\n<p class=\"aligncenter\"><img loading=\"lazy\" decoding=\"async\" src=\"https:\/\/www.ojo.es\/ojobuscador\/wp-content\/uploads\/sites\/2\/2019\/05\/sagrada_antiguas.png\" alt=\"Sagrada Familia (ICC)\" title=\"Sagrada Familia (ICC)\" width=\"650\" height=\"400\" class=\"aligncenter size-full wp-image-11676\" \/><\/p>\n<p>Aqu\u00ed las NUEVAS (GeoEye-1):<\/p>\n<p class=\"aligncenter\"><img loading=\"lazy\" decoding=\"async\" src=\"https:\/\/www.ojo.es\/ojobuscador\/wp-content\/uploads\/sites\/2\/2019\/05\/sagrada_geoeye1.png\" alt=\"Sagrada Familia (GeoEye-1)\" title=\"Sagrada Familia (GeoEye-1)\" width=\"650\" height=\"400\" class=\"aligncenter size-full wp-image-11677\" \/><\/p>\n","protected":false},"excerpt":{"rendered":"<p>El sat\u00e9lite que se lanz\u00f3 en colaboraci\u00f3n con Google, el GeoEye-1, est\u00e1 ya enviando las primeras fotograf\u00edas en alta calidad a la compa\u00f1\u00eda. Aunque el sitio de Google Earth ya dispone de una p\u00e1gina espec\u00edfica sobre GeoEye, donde se pueden ver algunas pinceladas de lo que est\u00e1n consiguiendo, ya existe un fichero KML gracias al &#8230; <a title=\"Google Earth prepara las primeras im\u00e1genes del GeoEye-1\" class=\"read-more\" href=\"https:\/\/www.ojo.es\/ojobuscador\/google-earth-prepara-las-primeras-imagenes-del-geoeye-1\/\" aria-label=\"Leer m\u00e1s sobre Google Earth prepara las primeras im\u00e1genes del GeoEye-1\">Leer m\u00e1s<\/a><\/p>\n","protected":false},"author":1,"featured_media":0,"comment_status":"open","ping_status":"open","sticky":false,"template":"","format":"standard","meta":{"footnotes":""},"categories":[1],"tags":[],"class_list":["post-11675","post","type-post","status-publish","format-standard","hentry","category-noticias"],"_links":{"self":[{"href":"https:\/\/www.ojo.es\/ojobuscador\/wp-json\/wp\/v2\/posts\/11675","targetHints":{"allow":["GET"]}}],"collection":[{"href":"https:\/\/www.ojo.es\/ojobuscador\/wp-json\/wp\/v2\/posts"}],"about":[{"href":"https:\/\/www.ojo.es\/ojobuscador\/wp-json\/wp\/v2\/types\/post"}],"author":[{"embeddable":true,"href":"https:\/\/www.ojo.es\/ojobuscador\/wp-json\/wp\/v2\/users\/1"}],"replies":[{"embeddable":true,"href":"https:\/\/www.ojo.es\/ojobuscador\/wp-json\/wp\/v2\/comments?post=11675"}],"version-history":[{"count":0,"href":"https:\/\/www.ojo.es\/ojobuscador\/wp-json\/wp\/v2\/posts\/11675\/revisions"}],"wp:attachment":[{"href":"https:\/\/www.ojo.es\/ojobuscador\/wp-json\/wp\/v2\/media?parent=11675"}],"wp:term":[{"taxonomy":"category","embeddable":true,"href":"https:\/\/www.ojo.es\/ojobuscador\/wp-json\/wp\/v2\/categories?post=11675"},{"taxonomy":"post_tag","embeddable":true,"href":"https:\/\/www.ojo.es\/ojobuscador\/wp-json\/wp\/v2\/tags?post=11675"}],"curies":[{"name":"wp","href":"https:\/\/api.w.org\/{rel}","templated":true}]}}