{"id":11697,"date":"2009-03-23T10:37:53","date_gmt":"2009-03-23T09:37:53","guid":{"rendered":"http:\/\/www.ojobuscador.com\/?p=11697"},"modified":"2009-03-23T10:37:53","modified_gmt":"2009-03-23T09:37:53","slug":"live-calendar-pensado-para-los-cumpleanos-y-aniversarios","status":"publish","type":"post","link":"https:\/\/www.ojo.es\/ojobuscador\/live-calendar-pensado-para-los-cumpleanos-y-aniversarios\/","title":{"rendered":"Live Calendar pensado para los cumplea\u00f1os y aniversarios"},"content":{"rendered":"<p>La integraci\u00f3n de todos los servicios de Microsoft hacen que organizar las fechas como cumplea\u00f1os o aniversarios puedan ser un poco locas; y esta es la raz\u00f3n por la que han decidido que Windows Live Calendar disponga de un sistema centralizado para este tipo de eventos tan especiales.<\/p>\n<p>Una de las posibilidades de este calendario es la los avisos. Por defecto est\u00e1n marcados para que te avisen el d\u00eda antes del cumplea\u00f1os en cuesti\u00f3n, aunque se pueden configurar para que puedan llegar hasta 2 semanas antes.<\/p>\n<p>Adem\u00e1s, este calendario te permite que los avisos te lleguen por distintos medios: correo electr\u00f3nico, SMS, m\u00f3vil, messenger&#8230;<\/p>\n","protected":false},"excerpt":{"rendered":"<p>La integraci\u00f3n de todos los servicios de Microsoft hacen que organizar las fechas como cumplea\u00f1os o aniversarios puedan ser un poco locas; y esta es la raz\u00f3n por la que han decidido que Windows Live Calendar disponga de un sistema centralizado para este tipo de eventos tan especiales. Una de las posibilidades de este calendario &#8230; <a title=\"Live Calendar pensado para los cumplea\u00f1os y aniversarios\" class=\"read-more\" href=\"https:\/\/www.ojo.es\/ojobuscador\/live-calendar-pensado-para-los-cumpleanos-y-aniversarios\/\" aria-label=\"Leer m\u00e1s sobre Live Calendar pensado para los cumplea\u00f1os y aniversarios\">Leer m\u00e1s<\/a><\/p>\n","protected":false},"author":1,"featured_media":0,"comment_status":"open","ping_status":"open","sticky":false,"template":"","format":"standard","meta":{"footnotes":""},"categories":[1],"tags":[],"class_list":["post-11697","post","type-post","status-publish","format-standard","hentry","category-noticias"],"_links":{"self":[{"href":"https:\/\/www.ojo.es\/ojobuscador\/wp-json\/wp\/v2\/posts\/11697","targetHints":{"allow":["GET"]}}],"collection":[{"href":"https:\/\/www.ojo.es\/ojobuscador\/wp-json\/wp\/v2\/posts"}],"about":[{"href":"https:\/\/www.ojo.es\/ojobuscador\/wp-json\/wp\/v2\/types\/post"}],"author":[{"embeddable":true,"href":"https:\/\/www.ojo.es\/ojobuscador\/wp-json\/wp\/v2\/users\/1"}],"replies":[{"embeddable":true,"href":"https:\/\/www.ojo.es\/ojobuscador\/wp-json\/wp\/v2\/comments?post=11697"}],"version-history":[{"count":0,"href":"https:\/\/www.ojo.es\/ojobuscador\/wp-json\/wp\/v2\/posts\/11697\/revisions"}],"wp:attachment":[{"href":"https:\/\/www.ojo.es\/ojobuscador\/wp-json\/wp\/v2\/media?parent=11697"}],"wp:term":[{"taxonomy":"category","embeddable":true,"href":"https:\/\/www.ojo.es\/ojobuscador\/wp-json\/wp\/v2\/categories?post=11697"},{"taxonomy":"post_tag","embeddable":true,"href":"https:\/\/www.ojo.es\/ojobuscador\/wp-json\/wp\/v2\/tags?post=11697"}],"curies":[{"name":"wp","href":"https:\/\/api.w.org\/{rel}","templated":true}]}}