{"id":5573,"date":"2007-01-02T10:34:48","date_gmt":"2007-01-02T09:34:48","guid":{"rendered":"http:\/\/www.ojobuscador.com\/2007\/01\/02\/pharos-el-nuevo-buscador-europeo\/"},"modified":"2007-01-02T10:34:48","modified_gmt":"2007-01-02T09:34:48","slug":"pharos-el-nuevo-buscador-europeo","status":"publish","type":"post","link":"https:\/\/www.ojo.es\/ojobuscador\/pharos-el-nuevo-buscador-europeo\/","title":{"rendered":"Pharos, el nuevo buscador europeo"},"content":{"rendered":"<p><img decoding=\"async\" id=\"image5574\" src=\"https:\/\/www.ojo.es\/ojobuscador\/wp-content\/uploads\/sites\/2\/2019\/05\/fastlogo.gif\" alt=\"FAST\" align=\"right\" \/>S\u00ed, suena un poco a risa, pero un nuevo proyecto de buscador europeo est\u00e1 en marcha. Al menos,esta vez, parece ser algo m\u00e1s l\u00f3gico.<\/p>\n<p>Hace unas semanas os comentamos que Alemania se marchaba de Quaero, el \u00abbuscador europeo\u00bb para comenzar el proyecto Theseus, y ahora parece que Europa, los diferente pa\u00edses, algunas empresas y universidades (entre la que encontramos a la Fundaci\u00f3 Barcelona Media Universitat Pompeu Fabra) van a lanzar Pharos (<em>Platform for Search of Audiovisual Resources Across Online Spaces<\/em>), desarrollo que realizar\u00e1 la empresa mundialmente conocida <a href=\"https:\/\/products.office.com\/es-ES\/sharepoint\">FAST<\/a>.<\/p>\n<p>La idea de este nuevo buscador es principalmente enfocarlo al desarrollo y a la investigaci\u00f3n de todos los pa\u00edses desde grandes empresas y centros universitarios. Como su nombre indica, estar\u00eda enfocado principalmente a toda tecnolog\u00eda audiovisual, por lo que se plantea como buscador multimedia.<\/p>\n<p><a href=\"https:\/\/products.office.com\/es-ES\/sharepoint\">Fast<\/a>, como coment\u00e1bamos, es un viejo conocido sobretodo por haber creado en su d\u00eda el motor de b\u00fasqueda <a href=\"http:\/\/search.yahoo.com\/\">All The Web<\/a>, que muchos usaron en su d\u00eda y que fue el primero en disponer de un buscador de MP3. Adem\u00e1s, en noviembre de 2000 ya dispon\u00eda de un <a href=\"http:\/\/web.archive.org\/web\/20001109140100\/http:\/\/multimedia.alltheweb.com\/\">buscador multimedia<\/a> para im\u00e1genes, v\u00eddeo y audio.<\/p>\n<p>Existe una nota de prensa donde se pueden encontrar los nombres de los participantes y otra informaci\u00f3n.<\/p>\n","protected":false},"excerpt":{"rendered":"<p>S\u00ed, suena un poco a risa, pero un nuevo proyecto de buscador europeo est\u00e1 en marcha. Al menos,esta vez, parece ser algo m\u00e1s l\u00f3gico. Hace unas semanas os comentamos que Alemania se marchaba de Quaero, el \u00abbuscador europeo\u00bb para comenzar el proyecto Theseus, y ahora parece que Europa, los diferente pa\u00edses, algunas empresas y universidades &#8230; <a title=\"Pharos, el nuevo buscador europeo\" class=\"read-more\" href=\"https:\/\/www.ojo.es\/ojobuscador\/pharos-el-nuevo-buscador-europeo\/\" aria-label=\"Leer m\u00e1s sobre Pharos, el nuevo buscador europeo\">Leer m\u00e1s<\/a><\/p>\n","protected":false},"author":1,"featured_media":0,"comment_status":"open","ping_status":"open","sticky":false,"template":"","format":"standard","meta":{"footnotes":""},"categories":[1],"tags":[],"class_list":["post-5573","post","type-post","status-publish","format-standard","hentry","category-noticias"],"_links":{"self":[{"href":"https:\/\/www.ojo.es\/ojobuscador\/wp-json\/wp\/v2\/posts\/5573","targetHints":{"allow":["GET"]}}],"collection":[{"href":"https:\/\/www.ojo.es\/ojobuscador\/wp-json\/wp\/v2\/posts"}],"about":[{"href":"https:\/\/www.ojo.es\/ojobuscador\/wp-json\/wp\/v2\/types\/post"}],"author":[{"embeddable":true,"href":"https:\/\/www.ojo.es\/ojobuscador\/wp-json\/wp\/v2\/users\/1"}],"replies":[{"embeddable":true,"href":"https:\/\/www.ojo.es\/ojobuscador\/wp-json\/wp\/v2\/comments?post=5573"}],"version-history":[{"count":0,"href":"https:\/\/www.ojo.es\/ojobuscador\/wp-json\/wp\/v2\/posts\/5573\/revisions"}],"wp:attachment":[{"href":"https:\/\/www.ojo.es\/ojobuscador\/wp-json\/wp\/v2\/media?parent=5573"}],"wp:term":[{"taxonomy":"category","embeddable":true,"href":"https:\/\/www.ojo.es\/ojobuscador\/wp-json\/wp\/v2\/categories?post=5573"},{"taxonomy":"post_tag","embeddable":true,"href":"https:\/\/www.ojo.es\/ojobuscador\/wp-json\/wp\/v2\/tags?post=5573"}],"curies":[{"name":"wp","href":"https:\/\/api.w.org\/{rel}","templated":true}]}}