{"id":5679,"date":"2007-01-17T21:22:33","date_gmt":"2007-01-17T20:22:33","guid":{"rendered":"http:\/\/www.ojobuscador.com\/2007\/01\/17\/los-buscadores-como-puerta-de-acceso-a-la-si\/"},"modified":"2007-01-17T21:22:33","modified_gmt":"2007-01-17T20:22:33","slug":"los-buscadores-como-puerta-de-acceso-a-la-si","status":"publish","type":"post","link":"https:\/\/www.ojo.es\/ojobuscador\/los-buscadores-como-puerta-de-acceso-a-la-si\/","title":{"rendered":"Los buscadores como puerta de acceso a la S.I."},"content":{"rendered":"<p>Informaros de la convocatoria p\u00fablica de la 73\u00c2\u00aa edici\u00f3n de Thursday Internet, que tendr\u00e1 lugar el pr\u00f3ximo jueves 25 de Enero de 2007.<\/p>\n<p>Llevar\u00e1 por t\u00edtulo: <em>Los buscadores como puerta de acceso a la Sociedad de la Informaci\u00f3n<\/em>, y vendr\u00e1 avalada por representantes de las principales empresas del sector.<\/p>\n<ul>\n<li>Yahoo! Espa\u00f1a &#8211; Diego D\u00edaz, Search and Marketplace Product Manager.<\/li>\n<li>Msn Espa\u00f1a &#8211; Ismael El Qudsi, Search Manager.<\/li>\n<li>Google Espa\u00f1a &#8211; Bernardo Hern\u00e1ndez, Director de Marketing y Producto.<\/li>\n<li>Bitext, The Bits and Text Company &#8211; Antonio S\u00e1nchez Valderr\u00e1banos, Director.<\/li>\n<li>ASK.com Espa\u00f1a &#8211; Samuel Arenas, Director.<\/li>\n<\/ul>\n<p>Los buscadores responden a la necesidad de encontrar recursos o contenidos en Internet y as\u00ed facilitar el acceso a la informaci\u00f3n. La responsabilidad que recae en ellos, su funcionamiento \u00f3ptimo, mantener la objetividad y combinarlo con un modelo de negocio rentable, son los retos de un mercado extremadamente competitivo. Intentaremos analizar c\u00f3mo los buscadores han afectado a la Sociedad de la Informaci\u00f3n y en qu\u00e9 aspectos.<\/p>\n<p>Como siempre la entrada a Thursday Internet es gratuita aunque las plazas son limitadas. Si est\u00e1is interesados en asistir, os rogamos que rellen\u00e9is el siguiente formulario para poder facilitaros el acceso a la jornada.<\/p>\n<p>El evento, en colaboraci\u00f3n con Aecim, se realizar\u00e1 en:<br \/>\nEdificio CEOE, Sala VIP. c\/ <a href=\"https:\/\/www.google.es\/maps?f=q&#038;q=Diego+de+Le%C3%B3n+50,+28006+Madrid\">Diego de Le\u00f3n 50, Madrid 28006<\/a><\/p>\n","protected":false},"excerpt":{"rendered":"<p>Informaros de la convocatoria p\u00fablica de la 73\u00c2\u00aa edici\u00f3n de Thursday Internet, que tendr\u00e1 lugar el pr\u00f3ximo jueves 25 de Enero de 2007. Llevar\u00e1 por t\u00edtulo: Los buscadores como puerta de acceso a la Sociedad de la Informaci\u00f3n, y vendr\u00e1 avalada por representantes de las principales empresas del sector. Yahoo! Espa\u00f1a &#8211; Diego D\u00edaz, Search &#8230; <a title=\"Los buscadores como puerta de acceso a la S.I.\" class=\"read-more\" href=\"https:\/\/www.ojo.es\/ojobuscador\/los-buscadores-como-puerta-de-acceso-a-la-si\/\" aria-label=\"Leer m\u00e1s sobre Los buscadores como puerta de acceso a la S.I.\">Leer m\u00e1s<\/a><\/p>\n","protected":false},"author":1,"featured_media":0,"comment_status":"open","ping_status":"open","sticky":false,"template":"","format":"standard","meta":{"footnotes":""},"categories":[1],"tags":[],"class_list":["post-5679","post","type-post","status-publish","format-standard","hentry","category-noticias"],"_links":{"self":[{"href":"https:\/\/www.ojo.es\/ojobuscador\/wp-json\/wp\/v2\/posts\/5679","targetHints":{"allow":["GET"]}}],"collection":[{"href":"https:\/\/www.ojo.es\/ojobuscador\/wp-json\/wp\/v2\/posts"}],"about":[{"href":"https:\/\/www.ojo.es\/ojobuscador\/wp-json\/wp\/v2\/types\/post"}],"author":[{"embeddable":true,"href":"https:\/\/www.ojo.es\/ojobuscador\/wp-json\/wp\/v2\/users\/1"}],"replies":[{"embeddable":true,"href":"https:\/\/www.ojo.es\/ojobuscador\/wp-json\/wp\/v2\/comments?post=5679"}],"version-history":[{"count":0,"href":"https:\/\/www.ojo.es\/ojobuscador\/wp-json\/wp\/v2\/posts\/5679\/revisions"}],"wp:attachment":[{"href":"https:\/\/www.ojo.es\/ojobuscador\/wp-json\/wp\/v2\/media?parent=5679"}],"wp:term":[{"taxonomy":"category","embeddable":true,"href":"https:\/\/www.ojo.es\/ojobuscador\/wp-json\/wp\/v2\/categories?post=5679"},{"taxonomy":"post_tag","embeddable":true,"href":"https:\/\/www.ojo.es\/ojobuscador\/wp-json\/wp\/v2\/tags?post=5679"}],"curies":[{"name":"wp","href":"https:\/\/api.w.org\/{rel}","templated":true}]}}