{"id":8630,"date":"2008-01-20T16:53:35","date_gmt":"2008-01-20T15:53:35","guid":{"rendered":"http:\/\/www.ojobuscador.com\/2008\/01\/20\/en-dos-semanas-yahoo-cambiara-internamente\/"},"modified":"2008-01-20T16:53:35","modified_gmt":"2008-01-20T15:53:35","slug":"en-dos-semanas-yahoo-cambiara-internamente","status":"publish","type":"post","link":"https:\/\/www.ojo.es\/ojobuscador\/en-dos-semanas-yahoo-cambiara-internamente\/","title":{"rendered":"En dos semanas Yahoo! cambiar\u00e1 internamente"},"content":{"rendered":"<p>Y es que el 29 de enero se presentan las cuentas anuales de Yahoo! y parece que ya se est\u00e1n planteando reducciones bastante importantes del personal (actualmente unos 12.000 empleados) de la compa\u00f1\u00eda adem\u00e1s de la decisi\u00f3n de si Jerry Yang seguir\u00e1 o no como cabeza de la empresa.<\/p>\n<p>Personalmente siempre he cre\u00eddo que Yahoo! es un lugar interesante, pero que al final no acaba de estar bien organizado&#8230; sus servicios est\u00e1n mucho mejor estudiados que los de Google que se lanzan casi sin pensar. Eso s\u00ed, se han olvidado de lo que en el fondo es Yahoo!: un directorio que pas\u00f3 a ser un buscador y que ha de ganar de la publicidad de las b\u00fasquedas.<\/p>\n<p>Tambi\u00e9n creo que se han olvidado que los webmasters son el claro punto a favor, algo que Live ha sabido aprovechar organizando concursos en los que hab\u00eda que incluir un cajet\u00edn de b\u00fasqueda. Y quiz\u00e1 estos dos motores pecan de no disponer de un servicio tipo Adsense abierto al p\u00fablico europeo. Si los webmasters disponen de un servicio competencia de Google, lo probar\u00e1n, y si les parece satisfactorio lo dejar\u00e1n. Adem\u00e1s, tanto Yahoo! como Live necesitan anunciantes, ya que muchas empresas dicen que \u00abcon Google ya tengo todo lo que necesito\u00bb. Estos servicios de inclusi\u00f3n de anuncios contextuales en p\u00e1ginas har\u00edan mejorar la visibilidad del resto de buscadores.<\/p>\n<p>Habr\u00e1 que esperar a ver c\u00f3mo reaccionan los inversores en las presentaciones de cuentas de los diferentes motores&#8230; ya que eso suele ser un claro indicador de si la empresa va bien o mal&#8230;<\/p>\n","protected":false},"excerpt":{"rendered":"<p>Y es que el 29 de enero se presentan las cuentas anuales de Yahoo! y parece que ya se est\u00e1n planteando reducciones bastante importantes del personal (actualmente unos 12.000 empleados) de la compa\u00f1\u00eda adem\u00e1s de la decisi\u00f3n de si Jerry Yang seguir\u00e1 o no como cabeza de la empresa. Personalmente siempre he cre\u00eddo que Yahoo! &#8230; <a title=\"En dos semanas Yahoo! cambiar\u00e1 internamente\" class=\"read-more\" href=\"https:\/\/www.ojo.es\/ojobuscador\/en-dos-semanas-yahoo-cambiara-internamente\/\" aria-label=\"Leer m\u00e1s sobre En dos semanas Yahoo! cambiar\u00e1 internamente\">Leer m\u00e1s<\/a><\/p>\n","protected":false},"author":1,"featured_media":0,"comment_status":"open","ping_status":"open","sticky":false,"template":"","format":"standard","meta":{"footnotes":""},"categories":[1],"tags":[],"class_list":["post-8630","post","type-post","status-publish","format-standard","hentry","category-noticias"],"_links":{"self":[{"href":"https:\/\/www.ojo.es\/ojobuscador\/wp-json\/wp\/v2\/posts\/8630","targetHints":{"allow":["GET"]}}],"collection":[{"href":"https:\/\/www.ojo.es\/ojobuscador\/wp-json\/wp\/v2\/posts"}],"about":[{"href":"https:\/\/www.ojo.es\/ojobuscador\/wp-json\/wp\/v2\/types\/post"}],"author":[{"embeddable":true,"href":"https:\/\/www.ojo.es\/ojobuscador\/wp-json\/wp\/v2\/users\/1"}],"replies":[{"embeddable":true,"href":"https:\/\/www.ojo.es\/ojobuscador\/wp-json\/wp\/v2\/comments?post=8630"}],"version-history":[{"count":0,"href":"https:\/\/www.ojo.es\/ojobuscador\/wp-json\/wp\/v2\/posts\/8630\/revisions"}],"wp:attachment":[{"href":"https:\/\/www.ojo.es\/ojobuscador\/wp-json\/wp\/v2\/media?parent=8630"}],"wp:term":[{"taxonomy":"category","embeddable":true,"href":"https:\/\/www.ojo.es\/ojobuscador\/wp-json\/wp\/v2\/categories?post=8630"},{"taxonomy":"post_tag","embeddable":true,"href":"https:\/\/www.ojo.es\/ojobuscador\/wp-json\/wp\/v2\/tags?post=8630"}],"curies":[{"name":"wp","href":"https:\/\/api.w.org\/{rel}","templated":true}]}}