{"id":9113,"date":"2008-02-10T12:00:30","date_gmt":"2008-02-10T11:00:30","guid":{"rendered":"http:\/\/www.ojobuscador.com\/2008\/02\/10\/estaremos-en-el-mobile-world-congress\/"},"modified":"2008-02-10T12:00:30","modified_gmt":"2008-02-10T11:00:30","slug":"estaremos-en-el-mobile-world-congress","status":"publish","type":"post","link":"https:\/\/www.ojo.es\/ojobuscador\/estaremos-en-el-mobile-world-congress\/","title":{"rendered":"Estaremos en el Mobile World Congress"},"content":{"rendered":"<p>Esta semana parte del equipo de OJO estar\u00e1 toda la semana en el Mobile World Congress, evento internacional en el que se presentan todas las novedades en lo que refiere a telefon\u00eda m\u00f3vil, ya sea a modo de operador, hardware, software, terminales&#8230; vamos a hacer cobertura en OJObuscador, OJOinternet y, por supuesto, OJOm\u00f3viles.<\/p>\n<p>Aunque OJO no va a tener stand, s\u00ed que nos podr\u00e9is encontrar al equipo en el de <a href=\"http:\/\/www.aztive.com\">Aztive Mobile<\/a>, compa\u00f1eros de viaje, en el que presentar\u00e1n el CMS.mobi. No os perd\u00e1is, estaremos en el HALL 7 STAND 7A57&#8230; as\u00ed que ya sab\u00e9is&#8230; y si no estamos, preguntad a los presentes que har\u00e1n por encontrarnos.<\/p>\n<p>Vamos a hacer cobertura a modo de v\u00eddeo en la manera de lo posible, as\u00ed que id bien guapos y guapas que os grabaremos&#8230;<\/p>\n","protected":false},"excerpt":{"rendered":"<p>Esta semana parte del equipo de OJO estar\u00e1 toda la semana en el Mobile World Congress, evento internacional en el que se presentan todas las novedades en lo que refiere a telefon\u00eda m\u00f3vil, ya sea a modo de operador, hardware, software, terminales&#8230; vamos a hacer cobertura en OJObuscador, OJOinternet y, por supuesto, OJOm\u00f3viles. Aunque OJO &#8230; <a title=\"Estaremos en el Mobile World Congress\" class=\"read-more\" href=\"https:\/\/www.ojo.es\/ojobuscador\/estaremos-en-el-mobile-world-congress\/\" aria-label=\"Leer m\u00e1s sobre Estaremos en el Mobile World Congress\">Leer m\u00e1s<\/a><\/p>\n","protected":false},"author":1,"featured_media":0,"comment_status":"open","ping_status":"open","sticky":false,"template":"","format":"standard","meta":{"footnotes":""},"categories":[1],"tags":[],"class_list":["post-9113","post","type-post","status-publish","format-standard","hentry","category-noticias"],"_links":{"self":[{"href":"https:\/\/www.ojo.es\/ojobuscador\/wp-json\/wp\/v2\/posts\/9113","targetHints":{"allow":["GET"]}}],"collection":[{"href":"https:\/\/www.ojo.es\/ojobuscador\/wp-json\/wp\/v2\/posts"}],"about":[{"href":"https:\/\/www.ojo.es\/ojobuscador\/wp-json\/wp\/v2\/types\/post"}],"author":[{"embeddable":true,"href":"https:\/\/www.ojo.es\/ojobuscador\/wp-json\/wp\/v2\/users\/1"}],"replies":[{"embeddable":true,"href":"https:\/\/www.ojo.es\/ojobuscador\/wp-json\/wp\/v2\/comments?post=9113"}],"version-history":[{"count":0,"href":"https:\/\/www.ojo.es\/ojobuscador\/wp-json\/wp\/v2\/posts\/9113\/revisions"}],"wp:attachment":[{"href":"https:\/\/www.ojo.es\/ojobuscador\/wp-json\/wp\/v2\/media?parent=9113"}],"wp:term":[{"taxonomy":"category","embeddable":true,"href":"https:\/\/www.ojo.es\/ojobuscador\/wp-json\/wp\/v2\/categories?post=9113"},{"taxonomy":"post_tag","embeddable":true,"href":"https:\/\/www.ojo.es\/ojobuscador\/wp-json\/wp\/v2\/tags?post=9113"}],"curies":[{"name":"wp","href":"https:\/\/api.w.org\/{rel}","templated":true}]}}