{"id":9131,"date":"2008-02-06T17:00:21","date_gmt":"2008-02-06T16:00:21","guid":{"rendered":"http:\/\/www.ojobuscador.com\/2008\/02\/06\/yahoo-podria-externalizar-las-busquedas-europeas\/"},"modified":"2008-02-06T17:00:21","modified_gmt":"2008-02-06T16:00:21","slug":"yahoo-podria-externalizar-las-busquedas-europeas","status":"publish","type":"post","link":"https:\/\/www.ojo.es\/ojobuscador\/yahoo-podria-externalizar-las-busquedas-europeas\/","title":{"rendered":"Yahoo! podr\u00eda externalizar las b\u00fasquedas europeas"},"content":{"rendered":"<p>El culebr\u00f3n no acabar\u00e1 hasta que se tome una decisi\u00f3n y los nuevos rumores apuntan a que los organismos que controlan la competencia en Estados Unidos no dejar\u00edan que Yahoo! se aliase de ninguna forma con Google, aunque s\u00ed con Microsoft.<\/p>\n<p>A\u00fan as\u00ed, teniendo en cuenta que Yahoo! mantiene una cuota de mercado aceptable en Estados Unidos pero no en Europa, <a href=\"https:\/\/www.wsj.com\/articles\/SB120225830283345881\">podr\u00eda externalizar la gesti\u00f3n de publicidad, e incluso las b\u00fasquedas<\/a>, algo que deber\u00eda revisar la Uni\u00f3n Europea, ya que no hay que olvidar que la media de cuota de mercado en b\u00fasquedas a nivel europeo de Google es superior al 80%.<\/p>\n<p>El pr\u00f3ximo d\u00eda 8 el congreso de los Estados Unidos debatir\u00e1 las negociaciones Microsoft-Yahoo!-Google y decidir\u00e1n si la compra ser\u00e1 posible, lo que llevar\u00eda, por primera vez en la historia de Microsoft, a endeudarse con un cr\u00e9dito.<\/p>\n","protected":false},"excerpt":{"rendered":"<p>El culebr\u00f3n no acabar\u00e1 hasta que se tome una decisi\u00f3n y los nuevos rumores apuntan a que los organismos que controlan la competencia en Estados Unidos no dejar\u00edan que Yahoo! se aliase de ninguna forma con Google, aunque s\u00ed con Microsoft. A\u00fan as\u00ed, teniendo en cuenta que Yahoo! mantiene una cuota de mercado aceptable en &#8230; <a title=\"Yahoo! podr\u00eda externalizar las b\u00fasquedas europeas\" class=\"read-more\" href=\"https:\/\/www.ojo.es\/ojobuscador\/yahoo-podria-externalizar-las-busquedas-europeas\/\" aria-label=\"Leer m\u00e1s sobre Yahoo! podr\u00eda externalizar las b\u00fasquedas europeas\">Leer m\u00e1s<\/a><\/p>\n","protected":false},"author":1,"featured_media":0,"comment_status":"open","ping_status":"open","sticky":false,"template":"","format":"standard","meta":{"footnotes":""},"categories":[1],"tags":[],"class_list":["post-9131","post","type-post","status-publish","format-standard","hentry","category-noticias"],"_links":{"self":[{"href":"https:\/\/www.ojo.es\/ojobuscador\/wp-json\/wp\/v2\/posts\/9131","targetHints":{"allow":["GET"]}}],"collection":[{"href":"https:\/\/www.ojo.es\/ojobuscador\/wp-json\/wp\/v2\/posts"}],"about":[{"href":"https:\/\/www.ojo.es\/ojobuscador\/wp-json\/wp\/v2\/types\/post"}],"author":[{"embeddable":true,"href":"https:\/\/www.ojo.es\/ojobuscador\/wp-json\/wp\/v2\/users\/1"}],"replies":[{"embeddable":true,"href":"https:\/\/www.ojo.es\/ojobuscador\/wp-json\/wp\/v2\/comments?post=9131"}],"version-history":[{"count":0,"href":"https:\/\/www.ojo.es\/ojobuscador\/wp-json\/wp\/v2\/posts\/9131\/revisions"}],"wp:attachment":[{"href":"https:\/\/www.ojo.es\/ojobuscador\/wp-json\/wp\/v2\/media?parent=9131"}],"wp:term":[{"taxonomy":"category","embeddable":true,"href":"https:\/\/www.ojo.es\/ojobuscador\/wp-json\/wp\/v2\/categories?post=9131"},{"taxonomy":"post_tag","embeddable":true,"href":"https:\/\/www.ojo.es\/ojobuscador\/wp-json\/wp\/v2\/tags?post=9131"}],"curies":[{"name":"wp","href":"https:\/\/api.w.org\/{rel}","templated":true}]}}